{"id":1228,"date":"2025-08-10T11:49:39","date_gmt":"2025-08-10T11:49:39","guid":{"rendered":"https:\/\/regiontchologo.ci\/?p=1228"},"modified":"2025-11-10T09:11:27","modified_gmt":"2025-11-10T09:11:27","slug":"yediendekaha-sous-prefecture-de-koumbala-departement-de-ferkessedougou-region-du-tchologo","status":"publish","type":"post","link":"https:\/\/regiontchologo.ci\/index.php\/2025\/08\/10\/yediendekaha-sous-prefecture-de-koumbala-departement-de-ferkessedougou-region-du-tchologo\/","title":{"rendered":"YEDIENDEKAHA, SOUS-PR\u00c9FECTURE DE KOUMBALA, D\u00c9PARTEMENT DE FERKESSEDOUGOU, R\u00c9GION DU TCHOLOGO"},"content":{"rendered":"\n<p>C&rsquo;est dans une ambiance des grands jours, que les populations de YEDIENDEKAHA ont accueilli la forte d\u00e9l\u00e9gation conduite par Mme A\u00efssatou COULIBALY CISSE, 3\u00e8me Vice-pr\u00e9sidente , repr\u00e9sentant Monsieur le Pr\u00e9sident du Conseil R\u00e9gional du Tchologo, le Ministre d&rsquo;Etat, Ministre de la D\u00e9fense T\u00e9n\u00e9 Birahima OUATTARA .<br>Cette c\u00e9r\u00e9monie consacr\u00e9e \u00e0 la remise d&rsquo;une ambulance flambant neuve au centre de sant\u00e9 dudit village, un r\u00eave longtemps v\u00e9cu par &lsquo;et Chef de village et ses populations.<br>Il devient r\u00e9alit\u00e9 apr\u00e8s la construction de la maternit\u00e9, compl\u00e9tant le dispensaire qui avait \u00e9t\u00e9 d\u00e9j\u00e0 construit.<br>Exhortant les Palaka au vivre ensemble et \u00e0 la coh\u00e9sion sociale, l&rsquo; \u00c9missaire du Patron du Conseil R\u00e9gional du Tchologo a demand\u00e9 au Chef de village et au Major du CSR de YEDIENDEKAHA de prendre soin de ce v\u00e9hicule afin qu&rsquo;il puisse perdurer dans le temps pour le plaisir des populations et m\u00eame des riverains.<br>La 3\u00e8me Vice-pr\u00e9sidente avait \u00e0 ses c\u00f4t\u00e9s le D\u00e9put\u00e9 Suppl\u00e9ant Ferkess\u00e9dougou, Koumbala et Togoniere, Commune et Sous-pr\u00e9fectures KON\u00c9 Y\u00e9n\u00e9niaki Dieudonn\u00e9 , le Maire de Koumbala T\u00e9n\u00e9gnoumon COULIBALY et son adjointe, M. OUATTARA Ti\u00e9koura , Gendarme \u00e0 la retraite et un parterre de leaders f\u00e9minines qui ont effectu\u00e9 le d\u00e9placement de Ferkess\u00e9dougou \u00e0 YEDIENDEKAHA.<br>La danse DIEWAGA ou Mapouka Palaka a permis de terminer en beaut\u00e9, cette importante c\u00e9r\u00e9monie.<\/p>\n\n\n\n<figure class=\"wp-block-gallery has-nested-images columns-default is-cropped wp-block-gallery-1 is-layout-flex wp-block-gallery-is-layout-flex\">\n<figure class=\"wp-block-image size-large\"><img loading=\"lazy\" decoding=\"async\" width=\"1024\" height=\"576\" data-id=\"1230\" src=\"https:\/\/regiontchologo.ci\/wp-content\/uploads\/2025\/08\/WhatsApp-Image-2025-08-11-at-12.27.02-1024x576.jpeg\" alt=\"\" class=\"wp-image-1230\" srcset=\"https:\/\/regiontchologo.ci\/wp-content\/uploads\/2025\/08\/WhatsApp-Image-2025-08-11-at-12.27.02-1024x576.jpeg 1024w, https:\/\/regiontchologo.ci\/wp-content\/uploads\/2025\/08\/WhatsApp-Image-2025-08-11-at-12.27.02-300x169.jpeg 300w, https:\/\/regiontchologo.ci\/wp-content\/uploads\/2025\/08\/WhatsApp-Image-2025-08-11-at-12.27.02-768x432.jpeg 768w, https:\/\/regiontchologo.ci\/wp-content\/uploads\/2025\/08\/WhatsApp-Image-2025-08-11-at-12.27.02.jpeg 1080w\" sizes=\"auto, (max-width: 1024px) 100vw, 1024px\" \/><\/figure>\n\n\n\n<figure class=\"wp-block-image size-large\"><img loading=\"lazy\" decoding=\"async\" width=\"1024\" height=\"576\" data-id=\"1231\" src=\"https:\/\/regiontchologo.ci\/wp-content\/uploads\/2025\/08\/WhatsApp-Image-2025-08-11-at-12.27.17-1024x576.jpeg\" alt=\"\" class=\"wp-image-1231\" srcset=\"https:\/\/regiontchologo.ci\/wp-content\/uploads\/2025\/08\/WhatsApp-Image-2025-08-11-at-12.27.17-1024x576.jpeg 1024w, https:\/\/regiontchologo.ci\/wp-content\/uploads\/2025\/08\/WhatsApp-Image-2025-08-11-at-12.27.17-300x169.jpeg 300w, https:\/\/regiontchologo.ci\/wp-content\/uploads\/2025\/08\/WhatsApp-Image-2025-08-11-at-12.27.17-768x432.jpeg 768w, https:\/\/regiontchologo.ci\/wp-content\/uploads\/2025\/08\/WhatsApp-Image-2025-08-11-at-12.27.17.jpeg 1080w\" sizes=\"auto, (max-width: 1024px) 100vw, 1024px\" \/><\/figure>\n\n\n\n<figure class=\"wp-block-image size-large\"><img loading=\"lazy\" decoding=\"async\" width=\"1024\" height=\"576\" data-id=\"1232\" src=\"https:\/\/regiontchologo.ci\/wp-content\/uploads\/2025\/08\/WhatsApp-Image-2025-08-11-at-12.27.171-1024x576.jpeg\" alt=\"\" class=\"wp-image-1232\" srcset=\"https:\/\/regiontchologo.ci\/wp-content\/uploads\/2025\/08\/WhatsApp-Image-2025-08-11-at-12.27.171-1024x576.jpeg 1024w, https:\/\/regiontchologo.ci\/wp-content\/uploads\/2025\/08\/WhatsApp-Image-2025-08-11-at-12.27.171-300x169.jpeg 300w, https:\/\/regiontchologo.ci\/wp-content\/uploads\/2025\/08\/WhatsApp-Image-2025-08-11-at-12.27.171-768x432.jpeg 768w, https:\/\/regiontchologo.ci\/wp-content\/uploads\/2025\/08\/WhatsApp-Image-2025-08-11-at-12.27.171.jpeg 1280w\" sizes=\"auto, (max-width: 1024px) 100vw, 1024px\" \/><\/figure>\n<\/figure>\n","protected":false},"excerpt":{"rendered":"<p>C&rsquo;est dans une ambiance des grands jours, que les populations de YEDIENDEKAHA ont accueilli la<\/p>\n","protected":false},"author":1,"featured_media":1233,"comment_status":"open","ping_status":"open","sticky":false,"template":"","format":"standard","meta":{"_monsterinsights_skip_tracking":false,"_monsterinsights_sitenote_active":false,"_monsterinsights_sitenote_note":"","_monsterinsights_sitenote_category":0,"footnotes":""},"categories":[3],"tags":[],"class_list":["post-1228","post","type-post","status-publish","format-standard","has-post-thumbnail","hentry","category-actions"],"_links":{"self":[{"href":"https:\/\/regiontchologo.ci\/index.php\/wp-json\/wp\/v2\/posts\/1228","targetHints":{"allow":["GET"]}}],"collection":[{"href":"https:\/\/regiontchologo.ci\/index.php\/wp-json\/wp\/v2\/posts"}],"about":[{"href":"https:\/\/regiontchologo.ci\/index.php\/wp-json\/wp\/v2\/types\/post"}],"author":[{"embeddable":true,"href":"https:\/\/regiontchologo.ci\/index.php\/wp-json\/wp\/v2\/users\/1"}],"replies":[{"embeddable":true,"href":"https:\/\/regiontchologo.ci\/index.php\/wp-json\/wp\/v2\/comments?post=1228"}],"version-history":[{"count":1,"href":"https:\/\/regiontchologo.ci\/index.php\/wp-json\/wp\/v2\/posts\/1228\/revisions"}],"predecessor-version":[{"id":1234,"href":"https:\/\/regiontchologo.ci\/index.php\/wp-json\/wp\/v2\/posts\/1228\/revisions\/1234"}],"wp:featuredmedia":[{"embeddable":true,"href":"https:\/\/regiontchologo.ci\/index.php\/wp-json\/wp\/v2\/media\/1233"}],"wp:attachment":[{"href":"https:\/\/regiontchologo.ci\/index.php\/wp-json\/wp\/v2\/media?parent=1228"}],"wp:term":[{"taxonomy":"category","embeddable":true,"href":"https:\/\/regiontchologo.ci\/index.php\/wp-json\/wp\/v2\/categories?post=1228"},{"taxonomy":"post_tag","embeddable":true,"href":"https:\/\/regiontchologo.ci\/index.php\/wp-json\/wp\/v2\/tags?post=1228"}],"curies":[{"name":"wp","href":"https:\/\/api.w.org\/{rel}","templated":true}]}}