{"id":40,"date":"2023-05-02T10:20:15","date_gmt":"2023-05-02T10:20:15","guid":{"rendered":"https:\/\/regiontchologo.ci\/?p=40"},"modified":"2023-05-02T10:20:22","modified_gmt":"2023-05-02T10:20:22","slug":"region-du-tchologo-un-mois-de-solidarite-agissante-avec-tene-birahima-ouattara","status":"publish","type":"post","link":"https:\/\/regiontchologo.ci\/index.php\/2023\/05\/02\/region-du-tchologo-un-mois-de-solidarite-agissante-avec-tene-birahima-ouattara\/","title":{"rendered":"R\u00e9gion du Tchologo, un mois de solidarit\u00e9 agissante avec T\u00e9n\u00e9 Birahima OUATTARA."},"content":{"rendered":"\n<p>Sous l&rsquo;impulsion du ministre d\u2019Etat ministre de la d\u00e9fense, T\u00e9n\u00e9 Birahima Ouattara par ailleurs Pr\u00e9sident du conseil r\u00e9gional du Tchologo, la r\u00e9gion du Tchologo connait une vague de solidarit\u00e9 en cette p\u00e9riode de p\u00e2ques et de ramadan.<\/p>\n\n\n\n<p>Plus de vingt millions de francs(20.000.000 F) en dons et en nature ont \u00e9t\u00e9 decaiss\u00e9s \u00e0 l&rsquo;occasion pour marquer sa solidarit\u00e9 \u00e0 sa population dans toutes ces <a><\/a>composantes.<\/p>\n\n\n\n<p>Musulmans, chr\u00e9tiens, chefs traditionnels et guides religieux, responsables politiques, tous ont benefici\u00e9 de la g\u00e9n\u00e9rosit\u00e9 du leader affectueusement appel\u00e9 TBO.<\/p>\n\n\n\n<p>La 3\u00e8me vice-presidente Dj\u00e9neba Wewoh a visit\u00e9 et remis au nom du president du conseil du sucre, du riz, des nattes et bouillioires aux populations de certains villages de Ferk\u00e9 et de la chefferie de Kong.<\/p>\n\n\n\n<p>Les chretiens dans toutes leurs composantes ont eu des mains du deuxi\u00e8me vice-pr\u00e9sident Kon\u00e9 Moussa Bim Y\u00e9ti vivres et non vivres compos\u00e9s de riz, huile, pattes et de num\u00e9raires pour c\u00e9l\u00e9brer la p\u00e2que.<\/p>\n\n\n\n<p>Idem pour le canton palaka o\u00f9 L&rsquo;honorable Dieudonn\u00e9 Kon\u00e9 a au nom du ministre permis aux religieux de profiter de ces moments de recueillement et de pardon.<\/p>\n\n\n\n<p>Que ce soit l&rsquo;honorable Gnegneri Silu\u00e9 Jacques dans la commune et sous- prefecture de Ferk\u00e9, ou L&rsquo;honorable Traor\u00e9 Drissa dans le d\u00e9partement de Ouangolo, la cha\u00eene de solidarit\u00e9 du ministre a atteint toutes les contr\u00e9es du Tchologo pour le seul bonheur des braves populations qui lui ont fait confiance.<\/p>\n","protected":false},"excerpt":{"rendered":"<p>Sous l&rsquo;impulsion du ministre d\u2019Etat ministre de la d\u00e9fense, T\u00e9n\u00e9 Birahima Ouattara par ailleurs Pr\u00e9sident<\/p>\n","protected":false},"author":1,"featured_media":41,"comment_status":"open","ping_status":"open","sticky":false,"template":"","format":"standard","meta":{"_monsterinsights_skip_tracking":false,"_monsterinsights_sitenote_active":false,"_monsterinsights_sitenote_note":"","_monsterinsights_sitenote_category":0,"footnotes":""},"categories":[3],"tags":[],"class_list":["post-40","post","type-post","status-publish","format-standard","has-post-thumbnail","hentry","category-actions"],"_links":{"self":[{"href":"https:\/\/regiontchologo.ci\/index.php\/wp-json\/wp\/v2\/posts\/40","targetHints":{"allow":["GET"]}}],"collection":[{"href":"https:\/\/regiontchologo.ci\/index.php\/wp-json\/wp\/v2\/posts"}],"about":[{"href":"https:\/\/regiontchologo.ci\/index.php\/wp-json\/wp\/v2\/types\/post"}],"author":[{"embeddable":true,"href":"https:\/\/regiontchologo.ci\/index.php\/wp-json\/wp\/v2\/users\/1"}],"replies":[{"embeddable":true,"href":"https:\/\/regiontchologo.ci\/index.php\/wp-json\/wp\/v2\/comments?post=40"}],"version-history":[{"count":1,"href":"https:\/\/regiontchologo.ci\/index.php\/wp-json\/wp\/v2\/posts\/40\/revisions"}],"predecessor-version":[{"id":42,"href":"https:\/\/regiontchologo.ci\/index.php\/wp-json\/wp\/v2\/posts\/40\/revisions\/42"}],"wp:featuredmedia":[{"embeddable":true,"href":"https:\/\/regiontchologo.ci\/index.php\/wp-json\/wp\/v2\/media\/41"}],"wp:attachment":[{"href":"https:\/\/regiontchologo.ci\/index.php\/wp-json\/wp\/v2\/media?parent=40"}],"wp:term":[{"taxonomy":"category","embeddable":true,"href":"https:\/\/regiontchologo.ci\/index.php\/wp-json\/wp\/v2\/categories?post=40"},{"taxonomy":"post_tag","embeddable":true,"href":"https:\/\/regiontchologo.ci\/index.php\/wp-json\/wp\/v2\/tags?post=40"}],"curies":[{"name":"wp","href":"https:\/\/api.w.org\/{rel}","templated":true}]}}