{"id":446,"date":"2023-09-15T12:05:59","date_gmt":"2023-09-15T12:05:59","guid":{"rendered":"https:\/\/regiontchologo.ci\/?p=446"},"modified":"2023-09-25T12:22:52","modified_gmt":"2023-09-25T12:22:52","slug":"le-conseil-regional-renforce-4-centres-de-sante-avec-des-ambulances-neuves","status":"publish","type":"post","link":"https:\/\/regiontchologo.ci\/index.php\/2023\/09\/15\/le-conseil-regional-renforce-4-centres-de-sante-avec-des-ambulances-neuves\/","title":{"rendered":"Le conseil r\u00e9gional renforce 4 centres de sant\u00e9 avec des ambulances neuves"},"content":{"rendered":"\n<p>Apr\u00e8s sa brillante \u00e9lection suite aux \u00e9lections de 02 septembre 2023, le ministre d&rsquo;\u00c9tat ministre de la d\u00e9fense T\u00e9n\u00e9 Birahima OUATTARA, Pr\u00e9sident du Conseil R\u00e9gional du Tchologo a offert aux centres de sant\u00e9 de Kassiongokoro ( Niell\u00e9), Sedjemenin (Ferk\u00e9), Djedana et Kafolo (Kong) 4 ambulances flambant neuves pour faciliter les \u00e9vacuations des malades vers les centres de r\u00e9f\u00e9rence.<\/p>\n\n\n\n<p>En pr\u00e9sence du secr\u00e9taire g\u00e9n\u00e9ral 1 de la pr\u00e9fecture de Ferk\u00e9, le 2\u00e8me vice-pr\u00e9sident du conseil, KONE Moussa Bim Y\u00e9ti a au nom du pr\u00e9sident du conseil remis ces ambulances au directeur r\u00e9gional de la sant\u00e9 du Tchologo pour une utilisation saine et efficiente.<\/p>\n\n\n\n<figure class=\"wp-block-gallery has-nested-images columns-default is-cropped wp-block-gallery-1 is-layout-flex wp-block-gallery-is-layout-flex\">\n<figure class=\"wp-block-image size-large\"><img loading=\"lazy\" decoding=\"async\" width=\"600\" height=\"338\" data-id=\"472\" src=\"https:\/\/regiontchologo.ci\/wp-content\/uploads\/2023\/09\/378794577_683797173790934_8576000327298917676_n-1.jpg\" alt=\"\" class=\"wp-image-472\" srcset=\"https:\/\/regiontchologo.ci\/wp-content\/uploads\/2023\/09\/378794577_683797173790934_8576000327298917676_n-1.jpg 600w, https:\/\/regiontchologo.ci\/wp-content\/uploads\/2023\/09\/378794577_683797173790934_8576000327298917676_n-1-300x169.jpg 300w\" sizes=\"auto, (max-width: 600px) 100vw, 600px\" \/><\/figure>\n<\/figure>\n","protected":false},"excerpt":{"rendered":"<p>Apr\u00e8s sa brillante \u00e9lection suite aux \u00e9lections de 02 septembre 2023, le ministre d&rsquo;\u00c9tat ministre<\/p>\n","protected":false},"author":1,"featured_media":454,"comment_status":"open","ping_status":"open","sticky":false,"template":"","format":"standard","meta":{"_monsterinsights_skip_tracking":false,"_monsterinsights_sitenote_active":false,"_monsterinsights_sitenote_note":"","_monsterinsights_sitenote_category":0,"footnotes":""},"categories":[4],"tags":[],"class_list":["post-446","post","type-post","status-publish","format-standard","has-post-thumbnail","hentry","category-sante"],"_links":{"self":[{"href":"https:\/\/regiontchologo.ci\/index.php\/wp-json\/wp\/v2\/posts\/446","targetHints":{"allow":["GET"]}}],"collection":[{"href":"https:\/\/regiontchologo.ci\/index.php\/wp-json\/wp\/v2\/posts"}],"about":[{"href":"https:\/\/regiontchologo.ci\/index.php\/wp-json\/wp\/v2\/types\/post"}],"author":[{"embeddable":true,"href":"https:\/\/regiontchologo.ci\/index.php\/wp-json\/wp\/v2\/users\/1"}],"replies":[{"embeddable":true,"href":"https:\/\/regiontchologo.ci\/index.php\/wp-json\/wp\/v2\/comments?post=446"}],"version-history":[{"count":1,"href":"https:\/\/regiontchologo.ci\/index.php\/wp-json\/wp\/v2\/posts\/446\/revisions"}],"predecessor-version":[{"id":483,"href":"https:\/\/regiontchologo.ci\/index.php\/wp-json\/wp\/v2\/posts\/446\/revisions\/483"}],"wp:featuredmedia":[{"embeddable":true,"href":"https:\/\/regiontchologo.ci\/index.php\/wp-json\/wp\/v2\/media\/454"}],"wp:attachment":[{"href":"https:\/\/regiontchologo.ci\/index.php\/wp-json\/wp\/v2\/media?parent=446"}],"wp:term":[{"taxonomy":"category","embeddable":true,"href":"https:\/\/regiontchologo.ci\/index.php\/wp-json\/wp\/v2\/categories?post=446"},{"taxonomy":"post_tag","embeddable":true,"href":"https:\/\/regiontchologo.ci\/index.php\/wp-json\/wp\/v2\/tags?post=446"}],"curies":[{"name":"wp","href":"https:\/\/api.w.org\/{rel}","templated":true}]}}