{"id":858,"date":"2024-10-16T12:57:44","date_gmt":"2024-10-16T12:57:44","guid":{"rendered":"https:\/\/regiontchologo.ci\/?p=858"},"modified":"2024-10-23T13:02:01","modified_gmt":"2024-10-23T13:02:01","slug":"assistante-sociale-aux-enfants-du-centre-daccueil-pour-enfants-en-detresse-de-ferkessedougou","status":"publish","type":"post","link":"https:\/\/regiontchologo.ci\/index.php\/2024\/10\/16\/assistante-sociale-aux-enfants-du-centre-daccueil-pour-enfants-en-detresse-de-ferkessedougou\/","title":{"rendered":"ASSISTANTE SOCIALE AUX ENFANTS DU CENTRE D&rsquo;ACCUEIL POUR ENFANTS EN D\u00c9TRESSE DE FERKESSEDOUGOU"},"content":{"rendered":"\n<p>Le Centre d&rsquo;Accueil pour Enfants de Ferkess\u00e9dougou, a \u00e9t\u00e9 inaugur\u00e9 le jeudi 28 octobre 2021.<br>Ce centre, le troisi\u00e8me (3\u00e8me) construit par la Fondation Children Of Africa a pour vocation d&rsquo;apporter une r\u00e9ponse plus pragmatique \u00e0 la question de la lutte contre la Traite, l&rsquo;Exploitation et le Travail des Enfants. Fort de cette ferme volont\u00e9 de la Premi\u00e8re Dame Dominique OUATTARA a vol\u00e9 au secours des enfants en situation de d\u00e9tresse, le Pr\u00e9sident du Conseil R\u00e9gional du Tchologo, le Ministre d&rsquo;\u00c9tat, Ministre de la D\u00e9fense Monsieur T\u00e9n\u00e9 Birahima OUATTARA octroi depuis lors, une subvention pour accompagner ledit centre.<br>Hier mercredi 16 octobre 2024, la 3e Vice-pr\u00e9sidente dudit Conseil R\u00e9gional, Mme A\u00efssatou COULIBALY CISS\u00c9, en compagnie de Messieurs COULIBALY Zana Kidjofolo Yacouba et OUATTARA Arouna, respectivement 4e et 5e Vice-pr\u00e9sident, a au nom du Pr\u00e9sident du Conseil R\u00e9gional, remis un important don de vivres et non vivres estim\u00e9s \u00e0 9 millions de francs CFA, en plus d&rsquo;une subvention d&rsquo;un montant de 3 millions de francs CFA soit un total de 12 millions de francs CFA.<br>La Directrice du Centre, ses collaborateurs et autour d&rsquo;eux les enfants pensionnaires, ont exprim\u00e9 toute leur gratitude et leur infinie reconnaissance au donateur pour ce soutien constant.<\/p>\n\n\n\n<p><\/p>\n","protected":false},"excerpt":{"rendered":"<p>Le Centre d&rsquo;Accueil pour Enfants de Ferkess\u00e9dougou, a \u00e9t\u00e9 inaugur\u00e9 le jeudi 28 octobre 2021.Ce<\/p>\n","protected":false},"author":1,"featured_media":859,"comment_status":"open","ping_status":"open","sticky":false,"template":"","format":"standard","meta":{"_monsterinsights_skip_tracking":false,"_monsterinsights_sitenote_active":false,"_monsterinsights_sitenote_note":"","_monsterinsights_sitenote_category":0,"footnotes":""},"categories":[3],"tags":[],"class_list":["post-858","post","type-post","status-publish","format-standard","has-post-thumbnail","hentry","category-actions"],"_links":{"self":[{"href":"https:\/\/regiontchologo.ci\/index.php\/wp-json\/wp\/v2\/posts\/858","targetHints":{"allow":["GET"]}}],"collection":[{"href":"https:\/\/regiontchologo.ci\/index.php\/wp-json\/wp\/v2\/posts"}],"about":[{"href":"https:\/\/regiontchologo.ci\/index.php\/wp-json\/wp\/v2\/types\/post"}],"author":[{"embeddable":true,"href":"https:\/\/regiontchologo.ci\/index.php\/wp-json\/wp\/v2\/users\/1"}],"replies":[{"embeddable":true,"href":"https:\/\/regiontchologo.ci\/index.php\/wp-json\/wp\/v2\/comments?post=858"}],"version-history":[{"count":1,"href":"https:\/\/regiontchologo.ci\/index.php\/wp-json\/wp\/v2\/posts\/858\/revisions"}],"predecessor-version":[{"id":860,"href":"https:\/\/regiontchologo.ci\/index.php\/wp-json\/wp\/v2\/posts\/858\/revisions\/860"}],"wp:featuredmedia":[{"embeddable":true,"href":"https:\/\/regiontchologo.ci\/index.php\/wp-json\/wp\/v2\/media\/859"}],"wp:attachment":[{"href":"https:\/\/regiontchologo.ci\/index.php\/wp-json\/wp\/v2\/media?parent=858"}],"wp:term":[{"taxonomy":"category","embeddable":true,"href":"https:\/\/regiontchologo.ci\/index.php\/wp-json\/wp\/v2\/categories?post=858"},{"taxonomy":"post_tag","embeddable":true,"href":"https:\/\/regiontchologo.ci\/index.php\/wp-json\/wp\/v2\/tags?post=858"}],"curies":[{"name":"wp","href":"https:\/\/api.w.org\/{rel}","templated":true}]}}